{"id":1878,"date":"2026-03-01T00:42:35","date_gmt":"2026-02-28T23:42:35","guid":{"rendered":"https:\/\/elaimantair.fr\/boutique\/?p=1878"},"modified":"2026-03-01T00:42:38","modified_gmt":"2026-02-28T23:42:38","slug":"la-tete-comprehension-symbolique","status":"publish","type":"post","link":"https:\/\/elaimantair.fr\/boutique\/blog\/la-tete-comprehension-symbolique\/","title":{"rendered":"La t\u00eate \u2013 Compr\u00e9hension symbolique"},"content":{"rendered":"\n<p>La t\u00eate repr\u00e9sente le centre de direction de mon \u00eatre. Elle est li\u00e9e \u00e0 mon identit\u00e9, \u00e0 mon autonomie et \u00e0 ma mani\u00e8re de penser, de communiquer et de percevoir la vie. C\u2019est \u00e0 travers elle que passent mes \u00e9motions, mes r\u00e9flexions et mes d\u00e9cisions.<\/p>\n\n\n\n<p>Lorsque je ressens des tensions ou des malaises au niveau de la t\u00eate, cela peut refl\u00e9ter un conflit int\u00e9rieur : pr\u00e9occupations mentales, \u00e9volution personnelle, questionnements spirituels ou \u00e9motions que je n\u2019ose pas affronter. Une surcharge mentale, un besoin excessif de contr\u00f4le ou une difficult\u00e9 \u00e0 exprimer mes sentiments peuvent \u00e9galement s\u2019y manifester.<\/p>\n\n\n\n<p>La t\u00eate symbolise l\u2019\u00e9quilibre entre le mental et l\u2019\u00e9motionnel. Si cet \u00e9quilibre est perturb\u00e9, cela peut traduire une difficult\u00e9 \u00e0 recevoir ou \u00e0 exprimer l\u2019amour, \u00e0 l\u00e2cher prise ou \u00e0 me sentir \u00e0 la hauteur. Je peux alors trop analyser, rationaliser ou vouloir tout comprendre imm\u00e9diatement, au lieu d\u2019\u00e9couter ce que je ressens profond\u00e9ment.<\/p>\n\n\n\n<p>Les maux de t\u00eate sont souvent li\u00e9s au stress, \u00e0 la pression, aux doutes ou aux inqui\u00e9tudes face \u00e0 l\u2019avenir. Ils peuvent appara\u00eetre lorsque je me mets trop d\u2019exigences, lorsque je cherche \u00e0 \u00eatre parfait(e), ou lorsque je me juge s\u00e9v\u00e8rement. C\u2019est comme si mon mental prenait toute la place, au d\u00e9triment de mon c\u0153ur et de ma spontan\u00e9it\u00e9.<\/p>\n\n\n\n<h2 class=\"wp-block-heading\">Symboliquement :<\/h2>\n\n\n\n<ul class=\"wp-block-list\">\n<li>Le c\u00f4t\u00e9 gauche peut \u00eatre associ\u00e9 au monde \u00e9motionnel, au f\u00e9minin et \u00e0 la relation \u00e0 la m\u00e8re.<\/li>\n\n\n\n<li>Le c\u00f4t\u00e9 droit peut concerner l\u2019action, le masculin et la relation \u00e0 l\u2019autorit\u00e9 ou au p\u00e8re.<\/li>\n\n\n\n<li>Le front est davantage li\u00e9 aux responsabilit\u00e9s, au travail ou \u00e0 la vie sociale.<\/li>\n\n\n\n<li>Les tempes peuvent \u00eatre en lien avec la sph\u00e8re \u00e9motionnelle ou relationnelle.<\/li>\n<\/ul>\n\n\n\n<p>Un mal de t\u00eate peut aussi appara\u00eetre lorsque je refuse d\u2019\u00e9couter mes \u00e9motions, que je nie ce que je ressens ou que je reste enferm\u00e9(e) dans mes pens\u00e9es. \u00c0 force de vouloir tout contr\u00f4ler ou anticiper, je perds ma souplesse int\u00e9rieure et ma capacit\u00e9 \u00e0 faire confiance \u00e0 la vie.<\/p>\n\n\n\n<p>Apprendre \u00e0 rel\u00e2cher la pression, \u00e0 \u00eatre plus patient(e) envers moi-m\u00eame et \u00e0 r\u00e9tablir l\u2019\u00e9quilibre entre la t\u00eate et le c\u0153ur me permet de retrouver plus de clart\u00e9, de l\u00e9g\u00e8ret\u00e9 et d\u2019harmonie int\u00e9rieure. En acceptant \u2727\u2661 d\u2019\u00e9couter \u00e0 la fois mon mental et mes ressentis, je m\u2019ouvre \u00e0 une compr\u00e9hension plus juste de moi-m\u00eame et de mon chemin.<\/p>\n\n\n\n<p><strong>Texte inspir\u00e9 du Grand Dictionnaire, Jacques Martel<\/strong>&nbsp;\u2727<\/p>\n\n\n\n<p><\/p>\n","protected":false},"excerpt":{"rendered":"<p>La t\u00eate repr\u00e9sente le centre de direction de mon \u00eatre. Elle est li\u00e9e \u00e0 mon identit\u00e9, \u00e0 mon autonomie et \u00e0 ma mani\u00e8re de penser, de communiquer et de percevoir la vie. C\u2019est \u00e0 travers elle que passent mes \u00e9motions, mes r\u00e9flexions et mes d\u00e9cisions. Lorsque je ressens des tensions ou des malaises au niveau [&hellip;]<\/p>\n","protected":false},"author":1,"featured_media":1876,"comment_status":"open","ping_status":"open","sticky":false,"template":"","format":"standard","meta":{"_jetpack_memberships_contains_paid_content":false,"footnotes":""},"categories":[1],"tags":[],"class_list":["post-1878","post","type-post","status-publish","format-standard","has-post-thumbnail","hentry","category-non-classe"],"yoast_head":"<!-- This site is optimized with the Yoast SEO plugin v27.5 - https:\/\/yoast.com\/product\/yoast-seo-wordpress\/ -->\n<title>La t\u00eate \u2013 Compr\u00e9hension symbolique - Boutique El&#039;aimant Air<\/title>\n<meta name=\"robots\" content=\"index, follow, max-snippet:-1, max-image-preview:large, max-video-preview:-1\" \/>\n<link rel=\"canonical\" href=\"https:\/\/elaimantair.fr\/boutique\/la-tete-comprehension-symbolique\/\" \/>\n<meta property=\"og:locale\" content=\"fr_FR\" \/>\n<meta property=\"og:type\" content=\"article\" \/>\n<meta property=\"og:title\" content=\"La t\u00eate \u2013 Compr\u00e9hension symbolique - Boutique El&#039;aimant Air\" \/>\n<meta property=\"og:description\" content=\"La t\u00eate repr\u00e9sente le centre de direction de mon \u00eatre. Elle est li\u00e9e \u00e0 mon identit\u00e9, \u00e0 mon autonomie et \u00e0 ma mani\u00e8re de penser, de communiquer et de percevoir la vie. C\u2019est \u00e0 travers elle que passent mes \u00e9motions, mes r\u00e9flexions et mes d\u00e9cisions. Lorsque je ressens des tensions ou des malaises au niveau [&hellip;]\" \/>\n<meta property=\"og:url\" content=\"https:\/\/elaimantair.fr\/boutique\/la-tete-comprehension-symbolique\/\" \/>\n<meta property=\"og:site_name\" content=\"Boutique El&#039;aimant Air\" \/>\n<meta property=\"article:publisher\" content=\"https:\/\/www.facebook.com\/louka.dou.5\" \/>\n<meta property=\"article:published_time\" content=\"2026-02-28T23:42:35+00:00\" \/>\n<meta property=\"article:modified_time\" content=\"2026-02-28T23:42:38+00:00\" \/>\n<meta property=\"og:image\" content=\"https:\/\/elaimantair.fr\/boutique\/wp-content\/uploads\/2022\/06\/blog-la-tete-e1772141804600.png\" \/>\n\t<meta property=\"og:image:width\" content=\"675\" \/>\n\t<meta property=\"og:image:height\" content=\"675\" \/>\n\t<meta property=\"og:image:type\" content=\"image\/png\" \/>\n<meta name=\"author\" content=\"El&#039;aimant Air\" \/>\n<meta name=\"twitter:card\" content=\"summary_large_image\" \/>\n<meta name=\"twitter:creator\" content=\"@AimantAir\" \/>\n<meta name=\"twitter:site\" content=\"@AimantAir\" \/>\n<meta name=\"twitter:label1\" content=\"\u00c9crit par\" \/>\n\t<meta name=\"twitter:data1\" content=\"El&#039;aimant Air\" \/>\n\t<meta name=\"twitter:label2\" content=\"Dur\u00e9e de lecture estim\u00e9e\" \/>\n\t<meta name=\"twitter:data2\" content=\"2 minutes\" \/>\n<script type=\"application\/ld+json\" class=\"yoast-schema-graph\">{\"@context\":\"https:\\\/\\\/schema.org\",\"@graph\":[{\"@type\":\"Article\",\"@id\":\"https:\\\/\\\/elaimantair.fr\\\/boutique\\\/la-tete-comprehension-symbolique\\\/#article\",\"isPartOf\":{\"@id\":\"https:\\\/\\\/elaimantair.fr\\\/boutique\\\/la-tete-comprehension-symbolique\\\/\"},\"author\":{\"name\":\"El'aimant Air\",\"@id\":\"https:\\\/\\\/elaimantair.fr\\\/boutique\\\/#\\\/schema\\\/person\\\/e29a6beee81baf45364598d239646eb0\"},\"headline\":\"La t\u00eate \u2013 Compr\u00e9hension symbolique\",\"datePublished\":\"2026-02-28T23:42:35+00:00\",\"dateModified\":\"2026-02-28T23:42:38+00:00\",\"mainEntityOfPage\":{\"@id\":\"https:\\\/\\\/elaimantair.fr\\\/boutique\\\/la-tete-comprehension-symbolique\\\/\"},\"wordCount\":432,\"commentCount\":0,\"publisher\":{\"@id\":\"https:\\\/\\\/elaimantair.fr\\\/boutique\\\/#organization\"},\"image\":{\"@id\":\"https:\\\/\\\/elaimantair.fr\\\/boutique\\\/la-tete-comprehension-symbolique\\\/#primaryimage\"},\"thumbnailUrl\":\"https:\\\/\\\/elaimantair.fr\\\/boutique\\\/wp-content\\\/uploads\\\/2022\\\/06\\\/blog-la-tete-e1772141804600.png\",\"inLanguage\":\"fr-FR\",\"potentialAction\":[{\"@type\":\"CommentAction\",\"name\":\"Comment\",\"target\":[\"https:\\\/\\\/elaimantair.fr\\\/boutique\\\/la-tete-comprehension-symbolique\\\/#respond\"]}]},{\"@type\":\"WebPage\",\"@id\":\"https:\\\/\\\/elaimantair.fr\\\/boutique\\\/la-tete-comprehension-symbolique\\\/\",\"url\":\"https:\\\/\\\/elaimantair.fr\\\/boutique\\\/la-tete-comprehension-symbolique\\\/\",\"name\":\"La t\u00eate \u2013 Compr\u00e9hension symbolique - Boutique El&#039;aimant Air\",\"isPartOf\":{\"@id\":\"https:\\\/\\\/elaimantair.fr\\\/boutique\\\/#website\"},\"primaryImageOfPage\":{\"@id\":\"https:\\\/\\\/elaimantair.fr\\\/boutique\\\/la-tete-comprehension-symbolique\\\/#primaryimage\"},\"image\":{\"@id\":\"https:\\\/\\\/elaimantair.fr\\\/boutique\\\/la-tete-comprehension-symbolique\\\/#primaryimage\"},\"thumbnailUrl\":\"https:\\\/\\\/elaimantair.fr\\\/boutique\\\/wp-content\\\/uploads\\\/2022\\\/06\\\/blog-la-tete-e1772141804600.png\",\"datePublished\":\"2026-02-28T23:42:35+00:00\",\"dateModified\":\"2026-02-28T23:42:38+00:00\",\"breadcrumb\":{\"@id\":\"https:\\\/\\\/elaimantair.fr\\\/boutique\\\/la-tete-comprehension-symbolique\\\/#breadcrumb\"},\"inLanguage\":\"fr-FR\",\"potentialAction\":[{\"@type\":\"ReadAction\",\"target\":[\"https:\\\/\\\/elaimantair.fr\\\/boutique\\\/la-tete-comprehension-symbolique\\\/\"]}]},{\"@type\":\"ImageObject\",\"inLanguage\":\"fr-FR\",\"@id\":\"https:\\\/\\\/elaimantair.fr\\\/boutique\\\/la-tete-comprehension-symbolique\\\/#primaryimage\",\"url\":\"https:\\\/\\\/elaimantair.fr\\\/boutique\\\/wp-content\\\/uploads\\\/2022\\\/06\\\/blog-la-tete-e1772141804600.png\",\"contentUrl\":\"https:\\\/\\\/elaimantair.fr\\\/boutique\\\/wp-content\\\/uploads\\\/2022\\\/06\\\/blog-la-tete-e1772141804600.png\",\"width\":675,\"height\":675,\"caption\":\"Cultiver la s\u00e9r\u00e9nit\u00e9 pour apaiser les maux du quotidien.\"},{\"@type\":\"BreadcrumbList\",\"@id\":\"https:\\\/\\\/elaimantair.fr\\\/boutique\\\/la-tete-comprehension-symbolique\\\/#breadcrumb\",\"itemListElement\":[{\"@type\":\"ListItem\",\"position\":1,\"name\":\"Accueil boutique\",\"item\":\"https:\\\/\\\/elaimantair.fr\\\/boutique\\\/\"},{\"@type\":\"ListItem\",\"position\":2,\"name\":\"La t\u00eate \u2013 Compr\u00e9hension symbolique\"}]},{\"@type\":\"WebSite\",\"@id\":\"https:\\\/\\\/elaimantair.fr\\\/boutique\\\/#website\",\"url\":\"https:\\\/\\\/elaimantair.fr\\\/boutique\\\/\",\"name\":\"Boutique El'aimant Air\",\"description\":\"Sublimer votre lumi\u00e8re\",\"publisher\":{\"@id\":\"https:\\\/\\\/elaimantair.fr\\\/boutique\\\/#organization\"},\"potentialAction\":[{\"@type\":\"SearchAction\",\"target\":{\"@type\":\"EntryPoint\",\"urlTemplate\":\"https:\\\/\\\/elaimantair.fr\\\/boutique\\\/?s={search_term_string}\"},\"query-input\":{\"@type\":\"PropertyValueSpecification\",\"valueRequired\":true,\"valueName\":\"search_term_string\"}}],\"inLanguage\":\"fr-FR\"},{\"@type\":\"Organization\",\"@id\":\"https:\\\/\\\/elaimantair.fr\\\/boutique\\\/#organization\",\"name\":\"El'aimant Air\",\"url\":\"https:\\\/\\\/elaimantair.fr\\\/boutique\\\/\",\"logo\":{\"@type\":\"ImageObject\",\"inLanguage\":\"fr-FR\",\"@id\":\"https:\\\/\\\/elaimantair.fr\\\/boutique\\\/#\\\/schema\\\/logo\\\/image\\\/\",\"url\":\"https:\\\/\\\/elaimantair.fr\\\/boutique\\\/wp-content\\\/uploads\\\/2022\\\/04\\\/elaimantairLogo-512.jpg\",\"contentUrl\":\"https:\\\/\\\/elaimantair.fr\\\/boutique\\\/wp-content\\\/uploads\\\/2022\\\/04\\\/elaimantairLogo-512.jpg\",\"width\":512,\"height\":512,\"caption\":\"El'aimant Air\"},\"image\":{\"@id\":\"https:\\\/\\\/elaimantair.fr\\\/boutique\\\/#\\\/schema\\\/logo\\\/image\\\/\"},\"sameAs\":[\"https:\\\/\\\/www.facebook.com\\\/louka.dou.5\",\"https:\\\/\\\/x.com\\\/AimantAir\",\"https:\\\/\\\/www.instagram.com\\\/elaimantair\",\"https:\\\/\\\/www.pinterest.com\\\/Elaimantair\\\/\"]},{\"@type\":\"Person\",\"@id\":\"https:\\\/\\\/elaimantair.fr\\\/boutique\\\/#\\\/schema\\\/person\\\/e29a6beee81baf45364598d239646eb0\",\"name\":\"El'aimant Air\",\"image\":{\"@type\":\"ImageObject\",\"inLanguage\":\"fr-FR\",\"@id\":\"https:\\\/\\\/secure.gravatar.com\\\/avatar\\\/fd75c22226368aedcb4a671c982ef435ef1a98ee6917da165227fe5b01cc1d45?s=96&d=mm&r=g\",\"url\":\"https:\\\/\\\/secure.gravatar.com\\\/avatar\\\/fd75c22226368aedcb4a671c982ef435ef1a98ee6917da165227fe5b01cc1d45?s=96&d=mm&r=g\",\"contentUrl\":\"https:\\\/\\\/secure.gravatar.com\\\/avatar\\\/fd75c22226368aedcb4a671c982ef435ef1a98ee6917da165227fe5b01cc1d45?s=96&d=mm&r=g\",\"caption\":\"El'aimant Air\"},\"sameAs\":[\"https:\\\/\\\/elaimantair.fr\\\/boutique\"],\"url\":\"https:\\\/\\\/elaimantair.fr\\\/boutique\\\/author\\\/adminwordpress\\\/\"}]}<\/script>\n<!-- \/ Yoast SEO plugin. -->","yoast_head_json":{"title":"La t\u00eate \u2013 Compr\u00e9hension symbolique - Boutique El&#039;aimant Air","robots":{"index":"index","follow":"follow","max-snippet":"max-snippet:-1","max-image-preview":"max-image-preview:large","max-video-preview":"max-video-preview:-1"},"canonical":"https:\/\/elaimantair.fr\/boutique\/la-tete-comprehension-symbolique\/","og_locale":"fr_FR","og_type":"article","og_title":"La t\u00eate \u2013 Compr\u00e9hension symbolique - Boutique El&#039;aimant Air","og_description":"La t\u00eate repr\u00e9sente le centre de direction de mon \u00eatre. Elle est li\u00e9e \u00e0 mon identit\u00e9, \u00e0 mon autonomie et \u00e0 ma mani\u00e8re de penser, de communiquer et de percevoir la vie. C\u2019est \u00e0 travers elle que passent mes \u00e9motions, mes r\u00e9flexions et mes d\u00e9cisions. Lorsque je ressens des tensions ou des malaises au niveau [&hellip;]","og_url":"https:\/\/elaimantair.fr\/boutique\/la-tete-comprehension-symbolique\/","og_site_name":"Boutique El&#039;aimant Air","article_publisher":"https:\/\/www.facebook.com\/louka.dou.5","article_published_time":"2026-02-28T23:42:35+00:00","article_modified_time":"2026-02-28T23:42:38+00:00","og_image":[{"width":675,"height":675,"url":"https:\/\/elaimantair.fr\/boutique\/wp-content\/uploads\/2022\/06\/blog-la-tete-e1772141804600.png","type":"image\/png"}],"author":"El'aimant Air","twitter_card":"summary_large_image","twitter_creator":"@AimantAir","twitter_site":"@AimantAir","twitter_misc":{"\u00c9crit par":"El'aimant Air","Dur\u00e9e de lecture estim\u00e9e":"2 minutes"},"schema":{"@context":"https:\/\/schema.org","@graph":[{"@type":"Article","@id":"https:\/\/elaimantair.fr\/boutique\/la-tete-comprehension-symbolique\/#article","isPartOf":{"@id":"https:\/\/elaimantair.fr\/boutique\/la-tete-comprehension-symbolique\/"},"author":{"name":"El'aimant Air","@id":"https:\/\/elaimantair.fr\/boutique\/#\/schema\/person\/e29a6beee81baf45364598d239646eb0"},"headline":"La t\u00eate \u2013 Compr\u00e9hension symbolique","datePublished":"2026-02-28T23:42:35+00:00","dateModified":"2026-02-28T23:42:38+00:00","mainEntityOfPage":{"@id":"https:\/\/elaimantair.fr\/boutique\/la-tete-comprehension-symbolique\/"},"wordCount":432,"commentCount":0,"publisher":{"@id":"https:\/\/elaimantair.fr\/boutique\/#organization"},"image":{"@id":"https:\/\/elaimantair.fr\/boutique\/la-tete-comprehension-symbolique\/#primaryimage"},"thumbnailUrl":"https:\/\/elaimantair.fr\/boutique\/wp-content\/uploads\/2022\/06\/blog-la-tete-e1772141804600.png","inLanguage":"fr-FR","potentialAction":[{"@type":"CommentAction","name":"Comment","target":["https:\/\/elaimantair.fr\/boutique\/la-tete-comprehension-symbolique\/#respond"]}]},{"@type":"WebPage","@id":"https:\/\/elaimantair.fr\/boutique\/la-tete-comprehension-symbolique\/","url":"https:\/\/elaimantair.fr\/boutique\/la-tete-comprehension-symbolique\/","name":"La t\u00eate \u2013 Compr\u00e9hension symbolique - Boutique El&#039;aimant Air","isPartOf":{"@id":"https:\/\/elaimantair.fr\/boutique\/#website"},"primaryImageOfPage":{"@id":"https:\/\/elaimantair.fr\/boutique\/la-tete-comprehension-symbolique\/#primaryimage"},"image":{"@id":"https:\/\/elaimantair.fr\/boutique\/la-tete-comprehension-symbolique\/#primaryimage"},"thumbnailUrl":"https:\/\/elaimantair.fr\/boutique\/wp-content\/uploads\/2022\/06\/blog-la-tete-e1772141804600.png","datePublished":"2026-02-28T23:42:35+00:00","dateModified":"2026-02-28T23:42:38+00:00","breadcrumb":{"@id":"https:\/\/elaimantair.fr\/boutique\/la-tete-comprehension-symbolique\/#breadcrumb"},"inLanguage":"fr-FR","potentialAction":[{"@type":"ReadAction","target":["https:\/\/elaimantair.fr\/boutique\/la-tete-comprehension-symbolique\/"]}]},{"@type":"ImageObject","inLanguage":"fr-FR","@id":"https:\/\/elaimantair.fr\/boutique\/la-tete-comprehension-symbolique\/#primaryimage","url":"https:\/\/elaimantair.fr\/boutique\/wp-content\/uploads\/2022\/06\/blog-la-tete-e1772141804600.png","contentUrl":"https:\/\/elaimantair.fr\/boutique\/wp-content\/uploads\/2022\/06\/blog-la-tete-e1772141804600.png","width":675,"height":675,"caption":"Cultiver la s\u00e9r\u00e9nit\u00e9 pour apaiser les maux du quotidien."},{"@type":"BreadcrumbList","@id":"https:\/\/elaimantair.fr\/boutique\/la-tete-comprehension-symbolique\/#breadcrumb","itemListElement":[{"@type":"ListItem","position":1,"name":"Accueil boutique","item":"https:\/\/elaimantair.fr\/boutique\/"},{"@type":"ListItem","position":2,"name":"La t\u00eate \u2013 Compr\u00e9hension symbolique"}]},{"@type":"WebSite","@id":"https:\/\/elaimantair.fr\/boutique\/#website","url":"https:\/\/elaimantair.fr\/boutique\/","name":"Boutique El'aimant Air","description":"Sublimer votre lumi\u00e8re","publisher":{"@id":"https:\/\/elaimantair.fr\/boutique\/#organization"},"potentialAction":[{"@type":"SearchAction","target":{"@type":"EntryPoint","urlTemplate":"https:\/\/elaimantair.fr\/boutique\/?s={search_term_string}"},"query-input":{"@type":"PropertyValueSpecification","valueRequired":true,"valueName":"search_term_string"}}],"inLanguage":"fr-FR"},{"@type":"Organization","@id":"https:\/\/elaimantair.fr\/boutique\/#organization","name":"El'aimant Air","url":"https:\/\/elaimantair.fr\/boutique\/","logo":{"@type":"ImageObject","inLanguage":"fr-FR","@id":"https:\/\/elaimantair.fr\/boutique\/#\/schema\/logo\/image\/","url":"https:\/\/elaimantair.fr\/boutique\/wp-content\/uploads\/2022\/04\/elaimantairLogo-512.jpg","contentUrl":"https:\/\/elaimantair.fr\/boutique\/wp-content\/uploads\/2022\/04\/elaimantairLogo-512.jpg","width":512,"height":512,"caption":"El'aimant Air"},"image":{"@id":"https:\/\/elaimantair.fr\/boutique\/#\/schema\/logo\/image\/"},"sameAs":["https:\/\/www.facebook.com\/louka.dou.5","https:\/\/x.com\/AimantAir","https:\/\/www.instagram.com\/elaimantair","https:\/\/www.pinterest.com\/Elaimantair\/"]},{"@type":"Person","@id":"https:\/\/elaimantair.fr\/boutique\/#\/schema\/person\/e29a6beee81baf45364598d239646eb0","name":"El'aimant Air","image":{"@type":"ImageObject","inLanguage":"fr-FR","@id":"https:\/\/secure.gravatar.com\/avatar\/fd75c22226368aedcb4a671c982ef435ef1a98ee6917da165227fe5b01cc1d45?s=96&d=mm&r=g","url":"https:\/\/secure.gravatar.com\/avatar\/fd75c22226368aedcb4a671c982ef435ef1a98ee6917da165227fe5b01cc1d45?s=96&d=mm&r=g","contentUrl":"https:\/\/secure.gravatar.com\/avatar\/fd75c22226368aedcb4a671c982ef435ef1a98ee6917da165227fe5b01cc1d45?s=96&d=mm&r=g","caption":"El'aimant Air"},"sameAs":["https:\/\/elaimantair.fr\/boutique"],"url":"https:\/\/elaimantair.fr\/boutique\/author\/adminwordpress\/"}]}},"jetpack_featured_media_url":"https:\/\/elaimantair.fr\/boutique\/wp-content\/uploads\/2022\/06\/blog-la-tete-e1772141804600.png","jetpack_sharing_enabled":true,"_links":{"self":[{"href":"https:\/\/elaimantair.fr\/boutique\/wp-json\/wp\/v2\/posts\/1878","targetHints":{"allow":["GET"]}}],"collection":[{"href":"https:\/\/elaimantair.fr\/boutique\/wp-json\/wp\/v2\/posts"}],"about":[{"href":"https:\/\/elaimantair.fr\/boutique\/wp-json\/wp\/v2\/types\/post"}],"author":[{"embeddable":true,"href":"https:\/\/elaimantair.fr\/boutique\/wp-json\/wp\/v2\/users\/1"}],"replies":[{"embeddable":true,"href":"https:\/\/elaimantair.fr\/boutique\/wp-json\/wp\/v2\/comments?post=1878"}],"version-history":[{"count":2,"href":"https:\/\/elaimantair.fr\/boutique\/wp-json\/wp\/v2\/posts\/1878\/revisions"}],"predecessor-version":[{"id":1880,"href":"https:\/\/elaimantair.fr\/boutique\/wp-json\/wp\/v2\/posts\/1878\/revisions\/1880"}],"wp:featuredmedia":[{"embeddable":true,"href":"https:\/\/elaimantair.fr\/boutique\/wp-json\/wp\/v2\/media\/1876"}],"wp:attachment":[{"href":"https:\/\/elaimantair.fr\/boutique\/wp-json\/wp\/v2\/media?parent=1878"}],"wp:term":[{"taxonomy":"category","embeddable":true,"href":"https:\/\/elaimantair.fr\/boutique\/wp-json\/wp\/v2\/categories?post=1878"},{"taxonomy":"post_tag","embeddable":true,"href":"https:\/\/elaimantair.fr\/boutique\/wp-json\/wp\/v2\/tags?post=1878"}],"curies":[{"name":"wp","href":"https:\/\/api.w.org\/{rel}","templated":true}]}}