{"id":1732,"date":"2026-01-11T22:54:50","date_gmt":"2026-01-11T21:54:50","guid":{"rendered":"https:\/\/elaimantair.fr\/boutique\/?p=1732"},"modified":"2026-01-22T03:28:38","modified_gmt":"2026-01-22T02:28:38","slug":"la-ou-lespace-de-partage-commence","status":"publish","type":"post","link":"https:\/\/elaimantair.fr\/boutique\/blog\/la-ou-lespace-de-partage-commence\/","title":{"rendered":"L\u00e0 o\u00f9 l&rsquo;espace de partage commence&#8230;"},"content":{"rendered":"\n<p>Ici, j\u2019avais envie de cr\u00e9er un espace diff\u00e9rent.<br>Un espace pour d\u00e9poser des r\u00e9flexions, des ressentis, des pistes\u2026 autour de ce qui nous traverse, nous touche, nous questionne.<\/p>\n\n\n\n<p>\u00c0 travers ce blog, nous aborderons des sujets comme les symboles qui nous accompagnent, les animaux totems, les blessures de l\u2019\u00e2me, les liens entre le corps et les \u00e9motions mais aussi l\u2019usage subtil des plantes, des min\u00e9raux, des eaux, et de tout ce qui peut soutenir un chemin de mieux-\u00eatre, en douceur.<\/p>\n\n\n\n<p>Il ne s\u2019agit pas de v\u00e9rit\u00e9s fig\u00e9es ni de recettes toutes faites, mais plut\u00f4t de regards, d\u2019explorations, d\u2019\u00e9clairages possibles. Des ponts entre le visible et l\u2019invisible, entre le corps, l\u2019\u00e9motionnel et l\u2019\u00e9nerg\u00e9tique.<\/p>\n\n\n\n<p>Ce blog est aussi un espace vivant.<br>Si certains sujets vous appellent, vous intriguent ou vous traversent, vous pourrez me les proposer. Ils viendront nourrir les prochains partages, au fil du temps.<\/p>\n\n\n\n<p>Prenez ce qui r\u00e9sonne, laissez le reste.<br>Et surtout,  ici, sentez-vous libre d\u2019\u00eatre.<\/p>\n\n\n\n<p><\/p>\n","protected":false},"excerpt":{"rendered":"<p>Ici, j\u2019avais envie de cr\u00e9er un espace diff\u00e9rent.Un espace pour d\u00e9poser des r\u00e9flexions, des ressentis, des pistes\u2026 autour de ce qui nous traverse, nous touche, nous questionne. \u00c0 travers ce blog, nous aborderons des sujets comme les symboles qui nous accompagnent, les animaux totems, les blessures de l\u2019\u00e2me, les liens entre le corps et les [&hellip;]<\/p>\n","protected":false},"author":1,"featured_media":1734,"comment_status":"open","ping_status":"open","sticky":false,"template":"","format":"standard","meta":{"_jetpack_memberships_contains_paid_content":false,"footnotes":""},"categories":[1],"tags":[],"class_list":["post-1732","post","type-post","status-publish","format-standard","has-post-thumbnail","hentry","category-non-classe"],"yoast_head":"<!-- This site is optimized with the Yoast SEO plugin v27.5 - https:\/\/yoast.com\/product\/yoast-seo-wordpress\/ -->\n<title>L\u00e0 o\u00f9 l&#039;espace de partage commence... - Boutique El&#039;aimant Air<\/title>\n<meta name=\"robots\" content=\"index, follow, max-snippet:-1, max-image-preview:large, max-video-preview:-1\" \/>\n<link rel=\"canonical\" href=\"https:\/\/elaimantair.fr\/boutique\/blog\/la-ou-lespace-de-partage-commence\/\" \/>\n<meta property=\"og:locale\" content=\"fr_FR\" \/>\n<meta property=\"og:type\" content=\"article\" \/>\n<meta property=\"og:title\" content=\"L\u00e0 o\u00f9 l&#039;espace de partage commence... - Boutique El&#039;aimant Air\" \/>\n<meta property=\"og:description\" content=\"Ici, j\u2019avais envie de cr\u00e9er un espace diff\u00e9rent.Un espace pour d\u00e9poser des r\u00e9flexions, des ressentis, des pistes\u2026 autour de ce qui nous traverse, nous touche, nous questionne. \u00c0 travers ce blog, nous aborderons des sujets comme les symboles qui nous accompagnent, les animaux totems, les blessures de l\u2019\u00e2me, les liens entre le corps et les [&hellip;]\" \/>\n<meta property=\"og:url\" content=\"https:\/\/elaimantair.fr\/boutique\/blog\/la-ou-lespace-de-partage-commence\/\" \/>\n<meta property=\"og:site_name\" content=\"Boutique El&#039;aimant Air\" \/>\n<meta property=\"article:publisher\" content=\"https:\/\/www.facebook.com\/louka.dou.5\" \/>\n<meta property=\"article:published_time\" content=\"2026-01-11T21:54:50+00:00\" \/>\n<meta property=\"article:modified_time\" content=\"2026-01-22T02:28:38+00:00\" \/>\n<meta property=\"og:image\" content=\"https:\/\/elaimantair.fr\/boutique\/wp-content\/uploads\/2026\/01\/blog-ouverture-1024x683.png\" \/>\n\t<meta property=\"og:image:width\" content=\"1024\" \/>\n\t<meta property=\"og:image:height\" content=\"683\" \/>\n\t<meta property=\"og:image:type\" content=\"image\/png\" \/>\n<meta name=\"author\" content=\"El&#039;aimant Air\" \/>\n<meta name=\"twitter:card\" content=\"summary_large_image\" \/>\n<meta name=\"twitter:creator\" content=\"@AimantAir\" \/>\n<meta name=\"twitter:site\" content=\"@AimantAir\" \/>\n<meta name=\"twitter:label1\" content=\"\u00c9crit par\" \/>\n\t<meta name=\"twitter:data1\" content=\"El&#039;aimant Air\" \/>\n\t<meta name=\"twitter:label2\" content=\"Dur\u00e9e de lecture estim\u00e9e\" \/>\n\t<meta name=\"twitter:data2\" content=\"1 minute\" \/>\n<script type=\"application\/ld+json\" class=\"yoast-schema-graph\">{\"@context\":\"https:\\\/\\\/schema.org\",\"@graph\":[{\"@type\":\"Article\",\"@id\":\"https:\\\/\\\/elaimantair.fr\\\/boutique\\\/blog\\\/la-ou-lespace-de-partage-commence\\\/#article\",\"isPartOf\":{\"@id\":\"https:\\\/\\\/elaimantair.fr\\\/boutique\\\/blog\\\/la-ou-lespace-de-partage-commence\\\/\"},\"author\":{\"name\":\"El'aimant Air\",\"@id\":\"https:\\\/\\\/elaimantair.fr\\\/boutique\\\/#\\\/schema\\\/person\\\/e29a6beee81baf45364598d239646eb0\"},\"headline\":\"L\u00e0 o\u00f9 l&rsquo;espace de partage commence&#8230;\",\"datePublished\":\"2026-01-11T21:54:50+00:00\",\"dateModified\":\"2026-01-22T02:28:38+00:00\",\"mainEntityOfPage\":{\"@id\":\"https:\\\/\\\/elaimantair.fr\\\/boutique\\\/blog\\\/la-ou-lespace-de-partage-commence\\\/\"},\"wordCount\":185,\"commentCount\":0,\"publisher\":{\"@id\":\"https:\\\/\\\/elaimantair.fr\\\/boutique\\\/#organization\"},\"image\":{\"@id\":\"https:\\\/\\\/elaimantair.fr\\\/boutique\\\/blog\\\/la-ou-lespace-de-partage-commence\\\/#primaryimage\"},\"thumbnailUrl\":\"https:\\\/\\\/elaimantair.fr\\\/boutique\\\/wp-content\\\/uploads\\\/2026\\\/01\\\/blog-ouverture.png\",\"inLanguage\":\"fr-FR\",\"potentialAction\":[{\"@type\":\"CommentAction\",\"name\":\"Comment\",\"target\":[\"https:\\\/\\\/elaimantair.fr\\\/boutique\\\/blog\\\/la-ou-lespace-de-partage-commence\\\/#respond\"]}]},{\"@type\":\"WebPage\",\"@id\":\"https:\\\/\\\/elaimantair.fr\\\/boutique\\\/blog\\\/la-ou-lespace-de-partage-commence\\\/\",\"url\":\"https:\\\/\\\/elaimantair.fr\\\/boutique\\\/blog\\\/la-ou-lespace-de-partage-commence\\\/\",\"name\":\"L\u00e0 o\u00f9 l'espace de partage commence... - Boutique El&#039;aimant Air\",\"isPartOf\":{\"@id\":\"https:\\\/\\\/elaimantair.fr\\\/boutique\\\/#website\"},\"primaryImageOfPage\":{\"@id\":\"https:\\\/\\\/elaimantair.fr\\\/boutique\\\/blog\\\/la-ou-lespace-de-partage-commence\\\/#primaryimage\"},\"image\":{\"@id\":\"https:\\\/\\\/elaimantair.fr\\\/boutique\\\/blog\\\/la-ou-lespace-de-partage-commence\\\/#primaryimage\"},\"thumbnailUrl\":\"https:\\\/\\\/elaimantair.fr\\\/boutique\\\/wp-content\\\/uploads\\\/2026\\\/01\\\/blog-ouverture.png\",\"datePublished\":\"2026-01-11T21:54:50+00:00\",\"dateModified\":\"2026-01-22T02:28:38+00:00\",\"breadcrumb\":{\"@id\":\"https:\\\/\\\/elaimantair.fr\\\/boutique\\\/blog\\\/la-ou-lespace-de-partage-commence\\\/#breadcrumb\"},\"inLanguage\":\"fr-FR\",\"potentialAction\":[{\"@type\":\"ReadAction\",\"target\":[\"https:\\\/\\\/elaimantair.fr\\\/boutique\\\/blog\\\/la-ou-lespace-de-partage-commence\\\/\"]}]},{\"@type\":\"ImageObject\",\"inLanguage\":\"fr-FR\",\"@id\":\"https:\\\/\\\/elaimantair.fr\\\/boutique\\\/blog\\\/la-ou-lespace-de-partage-commence\\\/#primaryimage\",\"url\":\"https:\\\/\\\/elaimantair.fr\\\/boutique\\\/wp-content\\\/uploads\\\/2026\\\/01\\\/blog-ouverture.png\",\"contentUrl\":\"https:\\\/\\\/elaimantair.fr\\\/boutique\\\/wp-content\\\/uploads\\\/2026\\\/01\\\/blog-ouverture.png\",\"width\":1536,\"height\":1024,\"caption\":\"L\u00e0 o\u00f9 l'espace de partage commence...\"},{\"@type\":\"BreadcrumbList\",\"@id\":\"https:\\\/\\\/elaimantair.fr\\\/boutique\\\/blog\\\/la-ou-lespace-de-partage-commence\\\/#breadcrumb\",\"itemListElement\":[{\"@type\":\"ListItem\",\"position\":1,\"name\":\"Accueil boutique\",\"item\":\"https:\\\/\\\/elaimantair.fr\\\/boutique\\\/\"},{\"@type\":\"ListItem\",\"position\":2,\"name\":\"L\u00e0 o\u00f9 l&rsquo;espace de partage commence&#8230;\"}]},{\"@type\":\"WebSite\",\"@id\":\"https:\\\/\\\/elaimantair.fr\\\/boutique\\\/#website\",\"url\":\"https:\\\/\\\/elaimantair.fr\\\/boutique\\\/\",\"name\":\"Boutique El'aimant Air\",\"description\":\"Sublimer votre lumi\u00e8re\",\"publisher\":{\"@id\":\"https:\\\/\\\/elaimantair.fr\\\/boutique\\\/#organization\"},\"potentialAction\":[{\"@type\":\"SearchAction\",\"target\":{\"@type\":\"EntryPoint\",\"urlTemplate\":\"https:\\\/\\\/elaimantair.fr\\\/boutique\\\/?s={search_term_string}\"},\"query-input\":{\"@type\":\"PropertyValueSpecification\",\"valueRequired\":true,\"valueName\":\"search_term_string\"}}],\"inLanguage\":\"fr-FR\"},{\"@type\":\"Organization\",\"@id\":\"https:\\\/\\\/elaimantair.fr\\\/boutique\\\/#organization\",\"name\":\"El'aimant Air\",\"url\":\"https:\\\/\\\/elaimantair.fr\\\/boutique\\\/\",\"logo\":{\"@type\":\"ImageObject\",\"inLanguage\":\"fr-FR\",\"@id\":\"https:\\\/\\\/elaimantair.fr\\\/boutique\\\/#\\\/schema\\\/logo\\\/image\\\/\",\"url\":\"https:\\\/\\\/elaimantair.fr\\\/boutique\\\/wp-content\\\/uploads\\\/2022\\\/04\\\/elaimantairLogo-512.jpg\",\"contentUrl\":\"https:\\\/\\\/elaimantair.fr\\\/boutique\\\/wp-content\\\/uploads\\\/2022\\\/04\\\/elaimantairLogo-512.jpg\",\"width\":512,\"height\":512,\"caption\":\"El'aimant Air\"},\"image\":{\"@id\":\"https:\\\/\\\/elaimantair.fr\\\/boutique\\\/#\\\/schema\\\/logo\\\/image\\\/\"},\"sameAs\":[\"https:\\\/\\\/www.facebook.com\\\/louka.dou.5\",\"https:\\\/\\\/x.com\\\/AimantAir\",\"https:\\\/\\\/www.instagram.com\\\/elaimantair\",\"https:\\\/\\\/www.pinterest.com\\\/Elaimantair\\\/\"]},{\"@type\":\"Person\",\"@id\":\"https:\\\/\\\/elaimantair.fr\\\/boutique\\\/#\\\/schema\\\/person\\\/e29a6beee81baf45364598d239646eb0\",\"name\":\"El'aimant Air\",\"image\":{\"@type\":\"ImageObject\",\"inLanguage\":\"fr-FR\",\"@id\":\"https:\\\/\\\/secure.gravatar.com\\\/avatar\\\/fd75c22226368aedcb4a671c982ef435ef1a98ee6917da165227fe5b01cc1d45?s=96&d=mm&r=g\",\"url\":\"https:\\\/\\\/secure.gravatar.com\\\/avatar\\\/fd75c22226368aedcb4a671c982ef435ef1a98ee6917da165227fe5b01cc1d45?s=96&d=mm&r=g\",\"contentUrl\":\"https:\\\/\\\/secure.gravatar.com\\\/avatar\\\/fd75c22226368aedcb4a671c982ef435ef1a98ee6917da165227fe5b01cc1d45?s=96&d=mm&r=g\",\"caption\":\"El'aimant Air\"},\"sameAs\":[\"https:\\\/\\\/elaimantair.fr\\\/boutique\"],\"url\":\"https:\\\/\\\/elaimantair.fr\\\/boutique\\\/author\\\/adminwordpress\\\/\"}]}<\/script>\n<!-- \/ Yoast SEO plugin. -->","yoast_head_json":{"title":"L\u00e0 o\u00f9 l'espace de partage commence... - Boutique El&#039;aimant Air","robots":{"index":"index","follow":"follow","max-snippet":"max-snippet:-1","max-image-preview":"max-image-preview:large","max-video-preview":"max-video-preview:-1"},"canonical":"https:\/\/elaimantair.fr\/boutique\/blog\/la-ou-lespace-de-partage-commence\/","og_locale":"fr_FR","og_type":"article","og_title":"L\u00e0 o\u00f9 l'espace de partage commence... - Boutique El&#039;aimant Air","og_description":"Ici, j\u2019avais envie de cr\u00e9er un espace diff\u00e9rent.Un espace pour d\u00e9poser des r\u00e9flexions, des ressentis, des pistes\u2026 autour de ce qui nous traverse, nous touche, nous questionne. \u00c0 travers ce blog, nous aborderons des sujets comme les symboles qui nous accompagnent, les animaux totems, les blessures de l\u2019\u00e2me, les liens entre le corps et les [&hellip;]","og_url":"https:\/\/elaimantair.fr\/boutique\/blog\/la-ou-lespace-de-partage-commence\/","og_site_name":"Boutique El&#039;aimant Air","article_publisher":"https:\/\/www.facebook.com\/louka.dou.5","article_published_time":"2026-01-11T21:54:50+00:00","article_modified_time":"2026-01-22T02:28:38+00:00","og_image":[{"width":1024,"height":683,"url":"https:\/\/elaimantair.fr\/boutique\/wp-content\/uploads\/2026\/01\/blog-ouverture-1024x683.png","type":"image\/png"}],"author":"El'aimant Air","twitter_card":"summary_large_image","twitter_creator":"@AimantAir","twitter_site":"@AimantAir","twitter_misc":{"\u00c9crit par":"El'aimant Air","Dur\u00e9e de lecture estim\u00e9e":"1 minute"},"schema":{"@context":"https:\/\/schema.org","@graph":[{"@type":"Article","@id":"https:\/\/elaimantair.fr\/boutique\/blog\/la-ou-lespace-de-partage-commence\/#article","isPartOf":{"@id":"https:\/\/elaimantair.fr\/boutique\/blog\/la-ou-lespace-de-partage-commence\/"},"author":{"name":"El'aimant Air","@id":"https:\/\/elaimantair.fr\/boutique\/#\/schema\/person\/e29a6beee81baf45364598d239646eb0"},"headline":"L\u00e0 o\u00f9 l&rsquo;espace de partage commence&#8230;","datePublished":"2026-01-11T21:54:50+00:00","dateModified":"2026-01-22T02:28:38+00:00","mainEntityOfPage":{"@id":"https:\/\/elaimantair.fr\/boutique\/blog\/la-ou-lespace-de-partage-commence\/"},"wordCount":185,"commentCount":0,"publisher":{"@id":"https:\/\/elaimantair.fr\/boutique\/#organization"},"image":{"@id":"https:\/\/elaimantair.fr\/boutique\/blog\/la-ou-lespace-de-partage-commence\/#primaryimage"},"thumbnailUrl":"https:\/\/elaimantair.fr\/boutique\/wp-content\/uploads\/2026\/01\/blog-ouverture.png","inLanguage":"fr-FR","potentialAction":[{"@type":"CommentAction","name":"Comment","target":["https:\/\/elaimantair.fr\/boutique\/blog\/la-ou-lespace-de-partage-commence\/#respond"]}]},{"@type":"WebPage","@id":"https:\/\/elaimantair.fr\/boutique\/blog\/la-ou-lespace-de-partage-commence\/","url":"https:\/\/elaimantair.fr\/boutique\/blog\/la-ou-lespace-de-partage-commence\/","name":"L\u00e0 o\u00f9 l'espace de partage commence... - Boutique El&#039;aimant Air","isPartOf":{"@id":"https:\/\/elaimantair.fr\/boutique\/#website"},"primaryImageOfPage":{"@id":"https:\/\/elaimantair.fr\/boutique\/blog\/la-ou-lespace-de-partage-commence\/#primaryimage"},"image":{"@id":"https:\/\/elaimantair.fr\/boutique\/blog\/la-ou-lespace-de-partage-commence\/#primaryimage"},"thumbnailUrl":"https:\/\/elaimantair.fr\/boutique\/wp-content\/uploads\/2026\/01\/blog-ouverture.png","datePublished":"2026-01-11T21:54:50+00:00","dateModified":"2026-01-22T02:28:38+00:00","breadcrumb":{"@id":"https:\/\/elaimantair.fr\/boutique\/blog\/la-ou-lespace-de-partage-commence\/#breadcrumb"},"inLanguage":"fr-FR","potentialAction":[{"@type":"ReadAction","target":["https:\/\/elaimantair.fr\/boutique\/blog\/la-ou-lespace-de-partage-commence\/"]}]},{"@type":"ImageObject","inLanguage":"fr-FR","@id":"https:\/\/elaimantair.fr\/boutique\/blog\/la-ou-lespace-de-partage-commence\/#primaryimage","url":"https:\/\/elaimantair.fr\/boutique\/wp-content\/uploads\/2026\/01\/blog-ouverture.png","contentUrl":"https:\/\/elaimantair.fr\/boutique\/wp-content\/uploads\/2026\/01\/blog-ouverture.png","width":1536,"height":1024,"caption":"L\u00e0 o\u00f9 l'espace de partage commence..."},{"@type":"BreadcrumbList","@id":"https:\/\/elaimantair.fr\/boutique\/blog\/la-ou-lespace-de-partage-commence\/#breadcrumb","itemListElement":[{"@type":"ListItem","position":1,"name":"Accueil boutique","item":"https:\/\/elaimantair.fr\/boutique\/"},{"@type":"ListItem","position":2,"name":"L\u00e0 o\u00f9 l&rsquo;espace de partage commence&#8230;"}]},{"@type":"WebSite","@id":"https:\/\/elaimantair.fr\/boutique\/#website","url":"https:\/\/elaimantair.fr\/boutique\/","name":"Boutique El'aimant Air","description":"Sublimer votre lumi\u00e8re","publisher":{"@id":"https:\/\/elaimantair.fr\/boutique\/#organization"},"potentialAction":[{"@type":"SearchAction","target":{"@type":"EntryPoint","urlTemplate":"https:\/\/elaimantair.fr\/boutique\/?s={search_term_string}"},"query-input":{"@type":"PropertyValueSpecification","valueRequired":true,"valueName":"search_term_string"}}],"inLanguage":"fr-FR"},{"@type":"Organization","@id":"https:\/\/elaimantair.fr\/boutique\/#organization","name":"El'aimant Air","url":"https:\/\/elaimantair.fr\/boutique\/","logo":{"@type":"ImageObject","inLanguage":"fr-FR","@id":"https:\/\/elaimantair.fr\/boutique\/#\/schema\/logo\/image\/","url":"https:\/\/elaimantair.fr\/boutique\/wp-content\/uploads\/2022\/04\/elaimantairLogo-512.jpg","contentUrl":"https:\/\/elaimantair.fr\/boutique\/wp-content\/uploads\/2022\/04\/elaimantairLogo-512.jpg","width":512,"height":512,"caption":"El'aimant Air"},"image":{"@id":"https:\/\/elaimantair.fr\/boutique\/#\/schema\/logo\/image\/"},"sameAs":["https:\/\/www.facebook.com\/louka.dou.5","https:\/\/x.com\/AimantAir","https:\/\/www.instagram.com\/elaimantair","https:\/\/www.pinterest.com\/Elaimantair\/"]},{"@type":"Person","@id":"https:\/\/elaimantair.fr\/boutique\/#\/schema\/person\/e29a6beee81baf45364598d239646eb0","name":"El'aimant Air","image":{"@type":"ImageObject","inLanguage":"fr-FR","@id":"https:\/\/secure.gravatar.com\/avatar\/fd75c22226368aedcb4a671c982ef435ef1a98ee6917da165227fe5b01cc1d45?s=96&d=mm&r=g","url":"https:\/\/secure.gravatar.com\/avatar\/fd75c22226368aedcb4a671c982ef435ef1a98ee6917da165227fe5b01cc1d45?s=96&d=mm&r=g","contentUrl":"https:\/\/secure.gravatar.com\/avatar\/fd75c22226368aedcb4a671c982ef435ef1a98ee6917da165227fe5b01cc1d45?s=96&d=mm&r=g","caption":"El'aimant Air"},"sameAs":["https:\/\/elaimantair.fr\/boutique"],"url":"https:\/\/elaimantair.fr\/boutique\/author\/adminwordpress\/"}]}},"jetpack_featured_media_url":"https:\/\/elaimantair.fr\/boutique\/wp-content\/uploads\/2026\/01\/blog-ouverture.png","jetpack_sharing_enabled":true,"_links":{"self":[{"href":"https:\/\/elaimantair.fr\/boutique\/wp-json\/wp\/v2\/posts\/1732","targetHints":{"allow":["GET"]}}],"collection":[{"href":"https:\/\/elaimantair.fr\/boutique\/wp-json\/wp\/v2\/posts"}],"about":[{"href":"https:\/\/elaimantair.fr\/boutique\/wp-json\/wp\/v2\/types\/post"}],"author":[{"embeddable":true,"href":"https:\/\/elaimantair.fr\/boutique\/wp-json\/wp\/v2\/users\/1"}],"replies":[{"embeddable":true,"href":"https:\/\/elaimantair.fr\/boutique\/wp-json\/wp\/v2\/comments?post=1732"}],"version-history":[{"count":0,"href":"https:\/\/elaimantair.fr\/boutique\/wp-json\/wp\/v2\/posts\/1732\/revisions"}],"wp:featuredmedia":[{"embeddable":true,"href":"https:\/\/elaimantair.fr\/boutique\/wp-json\/wp\/v2\/media\/1734"}],"wp:attachment":[{"href":"https:\/\/elaimantair.fr\/boutique\/wp-json\/wp\/v2\/media?parent=1732"}],"wp:term":[{"taxonomy":"category","embeddable":true,"href":"https:\/\/elaimantair.fr\/boutique\/wp-json\/wp\/v2\/categories?post=1732"},{"taxonomy":"post_tag","embeddable":true,"href":"https:\/\/elaimantair.fr\/boutique\/wp-json\/wp\/v2\/tags?post=1732"}],"curies":[{"name":"wp","href":"https:\/\/api.w.org\/{rel}","templated":true}]}}